{"id":11,"date":"2023-09-15T00:02:21","date_gmt":"2023-09-15T00:02:21","guid":{"rendered":"http:\/\/emporio.pro\/index.php\/2023\/09\/15\/organizacion-de-eventos-corporativos-en-queretaro-2\/"},"modified":"2023-09-15T00:02:21","modified_gmt":"2023-09-15T00:02:21","slug":"organizacion-de-eventos-corporativos-en-queretaro-2","status":"publish","type":"post","link":"https:\/\/emporio.pro\/index.php\/2023\/09\/15\/organizacion-de-eventos-corporativos-en-queretaro-2\/","title":{"rendered":"Organizaci\u00f3n de eventos corporativos en Quer\u00e9taro"},"content":{"rendered":"<p>En nuestra empresa, nos especializamos en la organizaci\u00f3n de eventos corporativos en la hermosa Ciudad de Quer\u00e9taro. Contamos con una amplia gama de servicios para hacer de tu evento un \u00e9xito total.<\/p>\n<p>Uno de los servicios que ofrecemos es la renta de sonido e iluminaci\u00f3n. Sabemos lo importante que es contar con equipo de calidad para que tu evento se escuche y se vea de manera profesional. Nuestro equipo de sonido e iluminaci\u00f3n est\u00e1 compuesto por expertos en la materia, quienes se encargar\u00e1n de que cada detalle sea perfecto.<\/p>\n<p>Otro servicio que ponemos a tu disposici\u00f3n es la renta de pantallas y proyectores. Si necesitas realizar presentaciones, videos o cualquier tipo de proyecci\u00f3n durante tu evento, nosotros contamos con la tecnolog\u00eda necesaria para ello. Nuestras pantallas y proyectores son de alta calidad, garantizando una imagen n\u00edtida y de gran impacto visual.<\/p>\n<p>Pero no solo nos limitamos a ofrecer equipos, tambi\u00e9n nos encargamos de la organizaci\u00f3n completa de tu evento. Contamos con un equipo de profesionales altamente capacitados en la planificaci\u00f3n y coordinaci\u00f3n de eventos corporativos. Desde la selecci\u00f3n del lugar hasta la decoraci\u00f3n y ambientaci\u00f3n, nos encargaremos de cada detalle para que tu evento sea memorable.<\/p>\n<p>Trabajamos de la mano contigo para entender tus necesidades y objetivos, y as\u00ed poder ofrecerte una soluci\u00f3n personalizada que se ajuste a tu presupuesto. Nos enorgullece poder decir que contamos con una amplia red de proveedores y colaboradores, lo que nos permite ofrecerte precios competitivos y servicios de alta calidad.<\/p>\n<p>No importa el tama\u00f1o de tu evento, ya sea una conferencia, una convenci\u00f3n o una fiesta de fin de a\u00f1o, nuestro equipo se encargar\u00e1 de hacer que todo salga perfecto. Ponemos a tu disposici\u00f3n nuestra experiencia y compromiso para garantizar el \u00e9xito de tu evento corporativo.<\/p>\n","protected":false},"excerpt":{"rendered":"<p>En nuestra empresa, nos especializamos en la organizaci\u00f3n de eventos corporativos en la hermosa Ciudad de Quer\u00e9taro. Contamos con una amplia gama de servicios para hacer de tu evento un \u00e9xito total. Uno de los servicios que ofrecemos es la renta de sonido e iluminaci\u00f3n. Sabemos lo importante que es contar con equipo de calidad [&hellip;]<\/p>\n","protected":false},"author":1,"featured_media":12,"comment_status":"open","ping_status":"open","sticky":false,"template":"","format":"standard","meta":{"_monsterinsights_skip_tracking":false,"_monsterinsights_sitenote_active":false,"_monsterinsights_sitenote_note":"","_monsterinsights_sitenote_category":0,"footnotes":""},"categories":[1],"tags":[],"aioseo_notices":[],"_links":{"self":[{"href":"https:\/\/emporio.pro\/index.php\/wp-json\/wp\/v2\/posts\/11"}],"collection":[{"href":"https:\/\/emporio.pro\/index.php\/wp-json\/wp\/v2\/posts"}],"about":[{"href":"https:\/\/emporio.pro\/index.php\/wp-json\/wp\/v2\/types\/post"}],"author":[{"embeddable":true,"href":"https:\/\/emporio.pro\/index.php\/wp-json\/wp\/v2\/users\/1"}],"replies":[{"embeddable":true,"href":"https:\/\/emporio.pro\/index.php\/wp-json\/wp\/v2\/comments?post=11"}],"version-history":[{"count":0,"href":"https:\/\/emporio.pro\/index.php\/wp-json\/wp\/v2\/posts\/11\/revisions"}],"wp:featuredmedia":[{"embeddable":true,"href":"https:\/\/emporio.pro\/index.php\/wp-json\/wp\/v2\/media\/12"}],"wp:attachment":[{"href":"https:\/\/emporio.pro\/index.php\/wp-json\/wp\/v2\/media?parent=11"}],"wp:term":[{"taxonomy":"category","embeddable":true,"href":"https:\/\/emporio.pro\/index.php\/wp-json\/wp\/v2\/categories?post=11"},{"taxonomy":"post_tag","embeddable":true,"href":"https:\/\/emporio.pro\/index.php\/wp-json\/wp\/v2\/tags?post=11"}],"curies":[{"name":"wp","href":"https:\/\/api.w.org\/{rel}","templated":true}]}}