{"id":15,"date":"2023-09-15T00:05:11","date_gmt":"2023-09-15T00:05:11","guid":{"rendered":"http:\/\/emporio.pro\/index.php\/2023\/09\/15\/servicios-de-organizacion-de-eventos-corporativos-en-queretaro\/"},"modified":"2023-09-15T00:05:11","modified_gmt":"2023-09-15T00:05:11","slug":"servicios-de-organizacion-de-eventos-corporativos-en-queretaro","status":"publish","type":"post","link":"https:\/\/emporio.pro\/index.php\/2023\/09\/15\/servicios-de-organizacion-de-eventos-corporativos-en-queretaro\/","title":{"rendered":"Servicios de Organizaci\u00f3n de Eventos Corporativos en Quer\u00e9taro"},"content":{"rendered":"<p>En nuestra empresa, nos dedicamos a la producci\u00f3n de eventos corporativos en la Ciudad de Quer\u00e9taro. Ofrecemos una amplia gama de servicios para garantizar que su evento sea un \u00e9xito total.<\/p>\n<p>Una de nuestras principales especialidades es la organizaci\u00f3n de eventos. Contamos con un equipo de profesionales altamente capacitados que se encargar\u00e1n de planificar y coordinar cada detalle de su evento. Desde la selecci\u00f3n del lugar, la contrataci\u00f3n de proveedores, la gesti\u00f3n de invitados hasta la log\u00edstica general del evento, nos encargamos de todo. Nos aseguramos de que cada aspecto est\u00e9 perfectamente ejecutado y que su evento se desarrolle sin problemas.<\/p>\n<p>Adem\u00e1s de la organizaci\u00f3n, tambi\u00e9n ofrecemos servicios de renta de sonido e iluminaci\u00f3n. Contamos con equipos de \u00faltima generaci\u00f3n que garantizan una calidad de sonido e iluminaci\u00f3n excepcional. Ya sea que necesite sonido para una conferencia, una presentaci\u00f3n o un concierto, o iluminaci\u00f3n para crear el ambiente perfecto, nosotros nos encargamos de proporcionarle todo lo que necesita.<\/p>\n<p>Por otro lado, tambi\u00e9n ofrecemos servicios de renta de pantallas y proyectores. Contamos con una amplia variedad de pantallas y proyectores de diferentes tama\u00f1os y resoluciones para satisfacer las necesidades de su evento. Ya sea que necesite una pantalla grande para una presentaci\u00f3n o un proyector para transmitir videos, estamos listos para ayudarlo.<\/p>\n<p>En resumen, si est\u00e1 buscando una empresa confiable y profesional para organizar su evento corporativo en Quer\u00e9taro, somos la elecci\u00f3n perfecta. Contamos con una amplia experiencia en la producci\u00f3n de eventos y ofrecemos una amplia gama de servicios para garantizar el \u00e9xito de su evento. Cont\u00e1ctenos hoy mismo para obtener m\u00e1s informaci\u00f3n y solicitar un presupuesto.<\/p>\n","protected":false},"excerpt":{"rendered":"<p>En nuestra empresa, nos dedicamos a la producci\u00f3n de eventos corporativos en la Ciudad de Quer\u00e9taro. Ofrecemos una amplia gama de servicios para garantizar que su evento sea un \u00e9xito total. Una de nuestras principales especialidades es la organizaci\u00f3n de eventos. Contamos con un equipo de profesionales altamente capacitados que se encargar\u00e1n de planificar y [&hellip;]<\/p>\n","protected":false},"author":1,"featured_media":16,"comment_status":"open","ping_status":"open","sticky":false,"template":"","format":"standard","meta":{"_monsterinsights_skip_tracking":false,"_monsterinsights_sitenote_active":false,"_monsterinsights_sitenote_note":"","_monsterinsights_sitenote_category":0,"footnotes":""},"categories":[1],"tags":[],"aioseo_notices":[],"_links":{"self":[{"href":"https:\/\/emporio.pro\/index.php\/wp-json\/wp\/v2\/posts\/15"}],"collection":[{"href":"https:\/\/emporio.pro\/index.php\/wp-json\/wp\/v2\/posts"}],"about":[{"href":"https:\/\/emporio.pro\/index.php\/wp-json\/wp\/v2\/types\/post"}],"author":[{"embeddable":true,"href":"https:\/\/emporio.pro\/index.php\/wp-json\/wp\/v2\/users\/1"}],"replies":[{"embeddable":true,"href":"https:\/\/emporio.pro\/index.php\/wp-json\/wp\/v2\/comments?post=15"}],"version-history":[{"count":0,"href":"https:\/\/emporio.pro\/index.php\/wp-json\/wp\/v2\/posts\/15\/revisions"}],"wp:featuredmedia":[{"embeddable":true,"href":"https:\/\/emporio.pro\/index.php\/wp-json\/wp\/v2\/media\/16"}],"wp:attachment":[{"href":"https:\/\/emporio.pro\/index.php\/wp-json\/wp\/v2\/media?parent=15"}],"wp:term":[{"taxonomy":"category","embeddable":true,"href":"https:\/\/emporio.pro\/index.php\/wp-json\/wp\/v2\/categories?post=15"},{"taxonomy":"post_tag","embeddable":true,"href":"https:\/\/emporio.pro\/index.php\/wp-json\/wp\/v2\/tags?post=15"}],"curies":[{"name":"wp","href":"https:\/\/api.w.org\/{rel}","templated":true}]}}